{"id":3073,"date":"2025-06-25T12:35:41","date_gmt":"2025-06-25T09:35:41","guid":{"rendered":"https:\/\/aikaecosystem.com\/?p=3073"},"modified":"2025-08-12T15:27:01","modified_gmt":"2025-08-12T12:27:01","slug":"liikunta-ja-hyvinvointiteknologia-messut-vuokatissa","status":"publish","type":"post","link":"https:\/\/aikaecosystem.com\/fi\/liikunta-ja-hyvinvointiteknologia-messut-vuokatissa\/","title":{"rendered":"Liikunta ja hyvinvointiteknologia -messut Vuokatissa"},"content":{"rendered":"<p>Aika-ekosysteemin tiimi my\u00f6s t\u00e4n\u00e4 vuonna mukana Liikunta ja hyvinvointiteknologia messuilla 26.-27.6.2025!<br \/>\nLue: lis\u00e4\u00e4 <strong><a href=\"https:\/\/vuokatinurheiluviikko.fi\/messut\/\">tapahtumasta<\/a><\/strong><br \/>\nVuokatin huippu-urheiluviikon <strong><a href=\"https:\/\/www.linkedin.com\/company\/vuokatinurheiluviikko\/posts\/?feedView=all\">Linkedin<\/a><\/strong><\/p>\n<table style=\"border-collapse: collapse; width: 100%;\">\n<tbody>\n<tr>\n<td style=\"width: 100%;\"><\/td>\n<\/tr>\n<\/tbody>\n<\/table>\n<p>&nbsp;<\/p>\n<table style=\"border-collapse: collapse; width: 100%;\">\n<tbody>\n<tr>\n<td style=\"width: 1.443%;\"><\/td>\n<td style=\"width: 42.785%;\"><\/td>\n<td style=\"width: 55.772%;\"><\/td>\n<\/tr>\n<\/tbody>\n<\/table>\n<table style=\"border-collapse: collapse; width: 100%;\">\n<tbody>\n<tr>\n<td style=\"width: 13.5642%;\"><\/td>\n<td style=\"width: 1.443%;\"><\/td>\n<td style=\"width: 13.943%;\"><\/td>\n<td style=\"width: 1.443%;\"><\/td>\n<td style=\"width: 11.8687%;\"><\/td>\n<td style=\"width: 1.73159%;\"><\/td>\n<td style=\"width: 9.0367%;\"><\/td>\n<td style=\"width: 1.443%;\"><\/td>\n<td style=\"width: 8.45959%;\"><\/td>\n<td style=\"width: 1.443%;\"><\/td>\n<td style=\"width: 9.3795%;\"><\/td>\n<td style=\"width: 1.443%;\"><\/td>\n<td style=\"width: 13.3658%;\"><\/td>\n<\/tr>\n<\/tbody>\n<\/table>\n","protected":false},"excerpt":{"rendered":"<p>Aika-ekosysteemin tiimi my\u00f6s t\u00e4n\u00e4 vuonna mukana Liikunta ja hyvinvointiteknologia messuilla 26.-27.6.2025! Lue: lis\u00e4\u00e4 tapahtumasta Vuokatin huippu-urheiluviikon Linkedin &nbsp;<\/p>\n","protected":false},"author":20,"featured_media":3079,"comment_status":"open","ping_status":"open","sticky":false,"template":"","format":"standard","meta":{"inline_featured_image":false,"footnotes":""},"categories":[60],"tags":[],"class_list":["post-3073","post","type-post","status-publish","format-standard","has-post-thumbnail","hentry","category-tapahtuma"],"acf":[],"yoast_head":"<!-- This site is optimized with the Yoast SEO plugin v27.5 - https:\/\/yoast.com\/product\/yoast-seo-wordpress\/ -->\n<title>Liikunta ja hyvinvointiteknologia -messut Vuokatissa - AIKA Ecosystem<\/title>\n<meta name=\"robots\" content=\"index, follow, max-snippet:-1, max-image-preview:large, max-video-preview:-1\" \/>\n<link rel=\"canonical\" href=\"https:\/\/aikaecosystem.com\/fi\/liikunta-ja-hyvinvointiteknologia-messut-vuokatissa\/\" \/>\n<meta property=\"og:locale\" content=\"fi_FI\" \/>\n<meta property=\"og:type\" content=\"article\" \/>\n<meta property=\"og:title\" content=\"Liikunta ja hyvinvointiteknologia -messut Vuokatissa - AIKA Ecosystem\" \/>\n<meta property=\"og:description\" content=\"Aika-ekosysteemin tiimi my\u00f6s t\u00e4n\u00e4 vuonna mukana Liikunta ja hyvinvointiteknologia messuilla 26.-27.6.2025! Lue: lis\u00e4\u00e4 tapahtumasta Vuokatin huippu-urheiluviikon Linkedin &nbsp;\" \/>\n<meta property=\"og:url\" content=\"https:\/\/aikaecosystem.com\/fi\/liikunta-ja-hyvinvointiteknologia-messut-vuokatissa\/\" \/>\n<meta property=\"og:site_name\" content=\"AIKA Ecosystem\" \/>\n<meta property=\"article:published_time\" content=\"2025-06-25T09:35:41+00:00\" \/>\n<meta property=\"article:modified_time\" content=\"2025-08-12T12:27:01+00:00\" \/>\n<meta property=\"og:image\" content=\"https:\/\/aikaecosystem.com\/wp-content\/uploads\/2025\/06\/Copy-of-CALL-FOR-PAPERSKainuu-Digital-Summit-2025-for-WP.png\" \/>\n\t<meta property=\"og:image:width\" content=\"1366\" \/>\n\t<meta property=\"og:image:height\" content=\"768\" \/>\n\t<meta property=\"og:image:type\" content=\"image\/png\" \/>\n<meta name=\"author\" content=\"Anas Alnatsheh\" \/>\n<meta name=\"twitter:card\" content=\"summary_large_image\" \/>\n<meta name=\"twitter:label1\" content=\"Kirjoittanut\" \/>\n\t<meta name=\"twitter:data1\" content=\"Anas Alnatsheh\" \/>\n\t<meta name=\"twitter:label2\" content=\"Arvioitu lukuaika\" \/>\n\t<meta name=\"twitter:data2\" content=\"1 minuutti\" \/>\n<script type=\"application\/ld+json\" class=\"yoast-schema-graph\">{\"@context\":\"https:\\\/\\\/schema.org\",\"@graph\":[{\"@type\":\"Article\",\"@id\":\"https:\\\/\\\/aikaecosystem.com\\\/fi\\\/liikunta-ja-hyvinvointiteknologia-messut-vuokatissa\\\/#article\",\"isPartOf\":{\"@id\":\"https:\\\/\\\/aikaecosystem.com\\\/fi\\\/liikunta-ja-hyvinvointiteknologia-messut-vuokatissa\\\/\"},\"author\":{\"name\":\"Anas Alnatsheh\",\"@id\":\"https:\\\/\\\/aikaecosystem.com\\\/#\\\/schema\\\/person\\\/f7eb2af51cae4cd8120d817dedc1c43d\"},\"headline\":\"Liikunta ja hyvinvointiteknologia -messut Vuokatissa\",\"datePublished\":\"2025-06-25T09:35:41+00:00\",\"dateModified\":\"2025-08-12T12:27:01+00:00\",\"mainEntityOfPage\":{\"@id\":\"https:\\\/\\\/aikaecosystem.com\\\/fi\\\/liikunta-ja-hyvinvointiteknologia-messut-vuokatissa\\\/\"},\"wordCount\":25,\"commentCount\":0,\"image\":{\"@id\":\"https:\\\/\\\/aikaecosystem.com\\\/fi\\\/liikunta-ja-hyvinvointiteknologia-messut-vuokatissa\\\/#primaryimage\"},\"thumbnailUrl\":\"https:\\\/\\\/aikaecosystem.com\\\/wp-content\\\/uploads\\\/2025\\\/06\\\/Copy-of-CALL-FOR-PAPERSKainuu-Digital-Summit-2025-for-WP.png\",\"articleSection\":[\"Tapahtuma\"],\"inLanguage\":\"fi\",\"potentialAction\":[{\"@type\":\"CommentAction\",\"name\":\"Comment\",\"target\":[\"https:\\\/\\\/aikaecosystem.com\\\/fi\\\/liikunta-ja-hyvinvointiteknologia-messut-vuokatissa\\\/#respond\"]}]},{\"@type\":\"WebPage\",\"@id\":\"https:\\\/\\\/aikaecosystem.com\\\/fi\\\/liikunta-ja-hyvinvointiteknologia-messut-vuokatissa\\\/\",\"url\":\"https:\\\/\\\/aikaecosystem.com\\\/fi\\\/liikunta-ja-hyvinvointiteknologia-messut-vuokatissa\\\/\",\"name\":\"Liikunta ja hyvinvointiteknologia -messut Vuokatissa - AIKA Ecosystem\",\"isPartOf\":{\"@id\":\"https:\\\/\\\/aikaecosystem.com\\\/#website\"},\"primaryImageOfPage\":{\"@id\":\"https:\\\/\\\/aikaecosystem.com\\\/fi\\\/liikunta-ja-hyvinvointiteknologia-messut-vuokatissa\\\/#primaryimage\"},\"image\":{\"@id\":\"https:\\\/\\\/aikaecosystem.com\\\/fi\\\/liikunta-ja-hyvinvointiteknologia-messut-vuokatissa\\\/#primaryimage\"},\"thumbnailUrl\":\"https:\\\/\\\/aikaecosystem.com\\\/wp-content\\\/uploads\\\/2025\\\/06\\\/Copy-of-CALL-FOR-PAPERSKainuu-Digital-Summit-2025-for-WP.png\",\"datePublished\":\"2025-06-25T09:35:41+00:00\",\"dateModified\":\"2025-08-12T12:27:01+00:00\",\"author\":{\"@id\":\"https:\\\/\\\/aikaecosystem.com\\\/#\\\/schema\\\/person\\\/f7eb2af51cae4cd8120d817dedc1c43d\"},\"breadcrumb\":{\"@id\":\"https:\\\/\\\/aikaecosystem.com\\\/fi\\\/liikunta-ja-hyvinvointiteknologia-messut-vuokatissa\\\/#breadcrumb\"},\"inLanguage\":\"fi\",\"potentialAction\":[{\"@type\":\"ReadAction\",\"target\":[\"https:\\\/\\\/aikaecosystem.com\\\/fi\\\/liikunta-ja-hyvinvointiteknologia-messut-vuokatissa\\\/\"]}]},{\"@type\":\"ImageObject\",\"inLanguage\":\"fi\",\"@id\":\"https:\\\/\\\/aikaecosystem.com\\\/fi\\\/liikunta-ja-hyvinvointiteknologia-messut-vuokatissa\\\/#primaryimage\",\"url\":\"https:\\\/\\\/aikaecosystem.com\\\/wp-content\\\/uploads\\\/2025\\\/06\\\/Copy-of-CALL-FOR-PAPERSKainuu-Digital-Summit-2025-for-WP.png\",\"contentUrl\":\"https:\\\/\\\/aikaecosystem.com\\\/wp-content\\\/uploads\\\/2025\\\/06\\\/Copy-of-CALL-FOR-PAPERSKainuu-Digital-Summit-2025-for-WP.png\",\"width\":1366,\"height\":768},{\"@type\":\"BreadcrumbList\",\"@id\":\"https:\\\/\\\/aikaecosystem.com\\\/fi\\\/liikunta-ja-hyvinvointiteknologia-messut-vuokatissa\\\/#breadcrumb\",\"itemListElement\":[{\"@type\":\"ListItem\",\"position\":1,\"name\":\"Events\",\"item\":\"https:\\\/\\\/aikaecosystem-com.hel10.wp-cloud.dev\\\/fi\\\/\"},{\"@type\":\"ListItem\",\"position\":2,\"name\":\"Liikunta ja hyvinvointiteknologia -messut Vuokatissa\"}]},{\"@type\":\"WebSite\",\"@id\":\"https:\\\/\\\/aikaecosystem.com\\\/#website\",\"url\":\"https:\\\/\\\/aikaecosystem.com\\\/\",\"name\":\"AIKA Ecosystem\",\"description\":\"AI &amp; Data Intelligence Ecosystem\",\"potentialAction\":[{\"@type\":\"SearchAction\",\"target\":{\"@type\":\"EntryPoint\",\"urlTemplate\":\"https:\\\/\\\/aikaecosystem.com\\\/?s={search_term_string}\"},\"query-input\":{\"@type\":\"PropertyValueSpecification\",\"valueRequired\":true,\"valueName\":\"search_term_string\"}}],\"inLanguage\":\"fi\"},{\"@type\":\"Person\",\"@id\":\"https:\\\/\\\/aikaecosystem.com\\\/#\\\/schema\\\/person\\\/f7eb2af51cae4cd8120d817dedc1c43d\",\"name\":\"Anas Alnatsheh\",\"image\":{\"@type\":\"ImageObject\",\"inLanguage\":\"fi\",\"@id\":\"https:\\\/\\\/secure.gravatar.com\\\/avatar\\\/6cbcebb55474eb1b7f09ca74bb2625717b2443932f93639ecaa3df0b08a44e49?s=96&d=mm&r=g\",\"url\":\"https:\\\/\\\/secure.gravatar.com\\\/avatar\\\/6cbcebb55474eb1b7f09ca74bb2625717b2443932f93639ecaa3df0b08a44e49?s=96&d=mm&r=g\",\"contentUrl\":\"https:\\\/\\\/secure.gravatar.com\\\/avatar\\\/6cbcebb55474eb1b7f09ca74bb2625717b2443932f93639ecaa3df0b08a44e49?s=96&d=mm&r=g\",\"caption\":\"Anas Alnatsheh\"},\"url\":\"https:\\\/\\\/aikaecosystem.com\\\/fi\\\/author\\\/anas\\\/\"}]}<\/script>\n<!-- \/ Yoast SEO plugin. -->","yoast_head_json":{"title":"Liikunta ja hyvinvointiteknologia -messut Vuokatissa - AIKA Ecosystem","robots":{"index":"index","follow":"follow","max-snippet":"max-snippet:-1","max-image-preview":"max-image-preview:large","max-video-preview":"max-video-preview:-1"},"canonical":"https:\/\/aikaecosystem.com\/fi\/liikunta-ja-hyvinvointiteknologia-messut-vuokatissa\/","og_locale":"fi_FI","og_type":"article","og_title":"Liikunta ja hyvinvointiteknologia -messut Vuokatissa - AIKA Ecosystem","og_description":"Aika-ekosysteemin tiimi my\u00f6s t\u00e4n\u00e4 vuonna mukana Liikunta ja hyvinvointiteknologia messuilla 26.-27.6.2025! Lue: lis\u00e4\u00e4 tapahtumasta Vuokatin huippu-urheiluviikon Linkedin &nbsp;","og_url":"https:\/\/aikaecosystem.com\/fi\/liikunta-ja-hyvinvointiteknologia-messut-vuokatissa\/","og_site_name":"AIKA Ecosystem","article_published_time":"2025-06-25T09:35:41+00:00","article_modified_time":"2025-08-12T12:27:01+00:00","og_image":[{"width":1366,"height":768,"url":"https:\/\/aikaecosystem.com\/wp-content\/uploads\/2025\/06\/Copy-of-CALL-FOR-PAPERSKainuu-Digital-Summit-2025-for-WP.png","type":"image\/png"}],"author":"Anas Alnatsheh","twitter_card":"summary_large_image","twitter_misc":{"Kirjoittanut":"Anas Alnatsheh","Arvioitu lukuaika":"1 minuutti"},"schema":{"@context":"https:\/\/schema.org","@graph":[{"@type":"Article","@id":"https:\/\/aikaecosystem.com\/fi\/liikunta-ja-hyvinvointiteknologia-messut-vuokatissa\/#article","isPartOf":{"@id":"https:\/\/aikaecosystem.com\/fi\/liikunta-ja-hyvinvointiteknologia-messut-vuokatissa\/"},"author":{"name":"Anas Alnatsheh","@id":"https:\/\/aikaecosystem.com\/#\/schema\/person\/f7eb2af51cae4cd8120d817dedc1c43d"},"headline":"Liikunta ja hyvinvointiteknologia -messut Vuokatissa","datePublished":"2025-06-25T09:35:41+00:00","dateModified":"2025-08-12T12:27:01+00:00","mainEntityOfPage":{"@id":"https:\/\/aikaecosystem.com\/fi\/liikunta-ja-hyvinvointiteknologia-messut-vuokatissa\/"},"wordCount":25,"commentCount":0,"image":{"@id":"https:\/\/aikaecosystem.com\/fi\/liikunta-ja-hyvinvointiteknologia-messut-vuokatissa\/#primaryimage"},"thumbnailUrl":"https:\/\/aikaecosystem.com\/wp-content\/uploads\/2025\/06\/Copy-of-CALL-FOR-PAPERSKainuu-Digital-Summit-2025-for-WP.png","articleSection":["Tapahtuma"],"inLanguage":"fi","potentialAction":[{"@type":"CommentAction","name":"Comment","target":["https:\/\/aikaecosystem.com\/fi\/liikunta-ja-hyvinvointiteknologia-messut-vuokatissa\/#respond"]}]},{"@type":"WebPage","@id":"https:\/\/aikaecosystem.com\/fi\/liikunta-ja-hyvinvointiteknologia-messut-vuokatissa\/","url":"https:\/\/aikaecosystem.com\/fi\/liikunta-ja-hyvinvointiteknologia-messut-vuokatissa\/","name":"Liikunta ja hyvinvointiteknologia -messut Vuokatissa - AIKA Ecosystem","isPartOf":{"@id":"https:\/\/aikaecosystem.com\/#website"},"primaryImageOfPage":{"@id":"https:\/\/aikaecosystem.com\/fi\/liikunta-ja-hyvinvointiteknologia-messut-vuokatissa\/#primaryimage"},"image":{"@id":"https:\/\/aikaecosystem.com\/fi\/liikunta-ja-hyvinvointiteknologia-messut-vuokatissa\/#primaryimage"},"thumbnailUrl":"https:\/\/aikaecosystem.com\/wp-content\/uploads\/2025\/06\/Copy-of-CALL-FOR-PAPERSKainuu-Digital-Summit-2025-for-WP.png","datePublished":"2025-06-25T09:35:41+00:00","dateModified":"2025-08-12T12:27:01+00:00","author":{"@id":"https:\/\/aikaecosystem.com\/#\/schema\/person\/f7eb2af51cae4cd8120d817dedc1c43d"},"breadcrumb":{"@id":"https:\/\/aikaecosystem.com\/fi\/liikunta-ja-hyvinvointiteknologia-messut-vuokatissa\/#breadcrumb"},"inLanguage":"fi","potentialAction":[{"@type":"ReadAction","target":["https:\/\/aikaecosystem.com\/fi\/liikunta-ja-hyvinvointiteknologia-messut-vuokatissa\/"]}]},{"@type":"ImageObject","inLanguage":"fi","@id":"https:\/\/aikaecosystem.com\/fi\/liikunta-ja-hyvinvointiteknologia-messut-vuokatissa\/#primaryimage","url":"https:\/\/aikaecosystem.com\/wp-content\/uploads\/2025\/06\/Copy-of-CALL-FOR-PAPERSKainuu-Digital-Summit-2025-for-WP.png","contentUrl":"https:\/\/aikaecosystem.com\/wp-content\/uploads\/2025\/06\/Copy-of-CALL-FOR-PAPERSKainuu-Digital-Summit-2025-for-WP.png","width":1366,"height":768},{"@type":"BreadcrumbList","@id":"https:\/\/aikaecosystem.com\/fi\/liikunta-ja-hyvinvointiteknologia-messut-vuokatissa\/#breadcrumb","itemListElement":[{"@type":"ListItem","position":1,"name":"Events","item":"https:\/\/aikaecosystem-com.hel10.wp-cloud.dev\/fi\/"},{"@type":"ListItem","position":2,"name":"Liikunta ja hyvinvointiteknologia -messut Vuokatissa"}]},{"@type":"WebSite","@id":"https:\/\/aikaecosystem.com\/#website","url":"https:\/\/aikaecosystem.com\/","name":"AIKA Ecosystem","description":"AI &amp; Data Intelligence Ecosystem","potentialAction":[{"@type":"SearchAction","target":{"@type":"EntryPoint","urlTemplate":"https:\/\/aikaecosystem.com\/?s={search_term_string}"},"query-input":{"@type":"PropertyValueSpecification","valueRequired":true,"valueName":"search_term_string"}}],"inLanguage":"fi"},{"@type":"Person","@id":"https:\/\/aikaecosystem.com\/#\/schema\/person\/f7eb2af51cae4cd8120d817dedc1c43d","name":"Anas Alnatsheh","image":{"@type":"ImageObject","inLanguage":"fi","@id":"https:\/\/secure.gravatar.com\/avatar\/6cbcebb55474eb1b7f09ca74bb2625717b2443932f93639ecaa3df0b08a44e49?s=96&d=mm&r=g","url":"https:\/\/secure.gravatar.com\/avatar\/6cbcebb55474eb1b7f09ca74bb2625717b2443932f93639ecaa3df0b08a44e49?s=96&d=mm&r=g","contentUrl":"https:\/\/secure.gravatar.com\/avatar\/6cbcebb55474eb1b7f09ca74bb2625717b2443932f93639ecaa3df0b08a44e49?s=96&d=mm&r=g","caption":"Anas Alnatsheh"},"url":"https:\/\/aikaecosystem.com\/fi\/author\/anas\/"}]}},"_links":{"self":[{"href":"https:\/\/aikaecosystem.com\/fi\/wp-json\/wp\/v2\/posts\/3073","targetHints":{"allow":["GET"]}}],"collection":[{"href":"https:\/\/aikaecosystem.com\/fi\/wp-json\/wp\/v2\/posts"}],"about":[{"href":"https:\/\/aikaecosystem.com\/fi\/wp-json\/wp\/v2\/types\/post"}],"author":[{"embeddable":true,"href":"https:\/\/aikaecosystem.com\/fi\/wp-json\/wp\/v2\/users\/20"}],"replies":[{"embeddable":true,"href":"https:\/\/aikaecosystem.com\/fi\/wp-json\/wp\/v2\/comments?post=3073"}],"version-history":[{"count":2,"href":"https:\/\/aikaecosystem.com\/fi\/wp-json\/wp\/v2\/posts\/3073\/revisions"}],"predecessor-version":[{"id":3106,"href":"https:\/\/aikaecosystem.com\/fi\/wp-json\/wp\/v2\/posts\/3073\/revisions\/3106"}],"wp:featuredmedia":[{"embeddable":true,"href":"https:\/\/aikaecosystem.com\/fi\/wp-json\/wp\/v2\/media\/3079"}],"wp:attachment":[{"href":"https:\/\/aikaecosystem.com\/fi\/wp-json\/wp\/v2\/media?parent=3073"}],"wp:term":[{"taxonomy":"category","embeddable":true,"href":"https:\/\/aikaecosystem.com\/fi\/wp-json\/wp\/v2\/categories?post=3073"},{"taxonomy":"post_tag","embeddable":true,"href":"https:\/\/aikaecosystem.com\/fi\/wp-json\/wp\/v2\/tags?post=3073"}],"curies":[{"name":"wp","href":"https:\/\/api.w.org\/{rel}","templated":true}]}}