{"id":2329,"date":"2022-09-08T16:13:58","date_gmt":"2022-09-08T13:13:58","guid":{"rendered":"https:\/\/aikaecosystem.com\/?p=2329"},"modified":"2023-01-26T16:42:08","modified_gmt":"2023-01-26T13:42:08","slug":"aika-ekosysteemin-asiantuntijat-paneelissa-kamkilla-5-10-2022","status":"publish","type":"post","link":"https:\/\/aikaecosystem.com\/fi\/aika-ekosysteemin-asiantuntijat-paneelissa-kamkilla-5-10-2022\/","title":{"rendered":"AIKA-ekosysteemin asiantuntijat paneelissa KAMKilla 5.10.2022"},"content":{"rendered":"<p>Anas Al Natsheh (Johtava teknologialiiketoiminnan kehitysasiantuntija CEMIS, TKI yliopettaja KAKM), Marko J\u00e4ntti (Johtaja CEMIS) ja Mikko Kerttula (projektip\u00e4\u00e4llikk\u00f6, CSC) osallistuvat paneelikeskusteluun ELY-keskuksen j\u00e4rjest\u00e4m\u00e4ss\u00e4 Virtaa Naisyritt\u00e4jyyteen -tapahtumassa. Paneelin aiheena on datan ja digitalisaation vaikutukset ja mahdollisuudet PK-yrityksille. <\/p>\n<p>Paneeli pidet\u00e4\u00e4n Kajaanin ammattikorkeakoululla 5.10.2023 klo 8:30 alkaen. Tapahtuman tarkempi ohjelma l\u00f6ytyy<a href=\"https:\/\/www.ely-keskus.fi\/tapahtumat-ja-koulutukset\/-\/ely-calendar\/KTuFjsT6K6pM\/event\/47062825?_fi_ely_calendar_web_portlet_CalendarPortlet_INSTANCE_KTuFjsT6K6pM_action=viewEvent&#038;_fi_ely_calendar_web_portlet_CalendarPortlet_INSTANCE_KTuFjsT6K6pM_redirect=https%3A%2F%2Fwww.ely-keskus.fi%2Ftapahtumat-ja-koulutukset%3Fp_p_id%3Dfi_ely_calendar_web_portlet_CalendarPortlet_INSTANCE_KTuFjsT6K6pM%26p_p_lifecycle%3D0%26p_p_state%3Dnormal%26p_p_mode%3Dview\"target=\"_blank\">ELY-keskuksen sivuilta<\/a>.<\/p>\n","protected":false},"excerpt":{"rendered":"<p>Anas Al Natsheh (Johtava teknologialiiketoiminnan kehitysasiantuntija CEMIS, TKI yliopettaja KAKM), Marko J\u00e4ntti (Johtaja CEMIS) ja Mikko Kerttula (projektip\u00e4\u00e4llikk\u00f6, CSC) osallistuvat paneelikeskusteluun ELY-keskuksen j\u00e4rjest\u00e4m\u00e4ss\u00e4 Virtaa Naisyritt\u00e4jyyteen -tapahtumassa. Paneelin aiheena on datan ja digitalisaation vaikutukset ja mahdollisuudet PK-yrityksille. Paneeli pidet\u00e4\u00e4n Kajaanin ammattikorkeakoululla 5.10.2023 klo 8:30 alkaen. Tapahtuman tarkempi ohjelma l\u00f6ytyyELY-keskuksen sivuilta.<\/p>\n","protected":false},"author":15,"featured_media":1814,"comment_status":"open","ping_status":"open","sticky":false,"template":"","format":"standard","meta":{"inline_featured_image":false,"footnotes":""},"categories":[60],"tags":[],"class_list":["post-2329","post","type-post","status-publish","format-standard","has-post-thumbnail","hentry","category-tapahtuma"],"acf":[],"yoast_head":"<!-- This site is optimized with the Yoast SEO plugin v27.5 - https:\/\/yoast.com\/product\/yoast-seo-wordpress\/ -->\n<title>AIKA-ekosysteemin asiantuntijat paneelissa KAMKilla 5.10.2022 - AIKA Ecosystem<\/title>\n<meta name=\"robots\" content=\"index, follow, max-snippet:-1, max-image-preview:large, max-video-preview:-1\" \/>\n<link rel=\"canonical\" href=\"https:\/\/aikaecosystem.com\/fi\/aika-ekosysteemin-asiantuntijat-paneelissa-kamkilla-5-10-2022\/\" \/>\n<meta property=\"og:locale\" content=\"fi_FI\" \/>\n<meta property=\"og:type\" content=\"article\" \/>\n<meta property=\"og:title\" content=\"AIKA-ekosysteemin asiantuntijat paneelissa KAMKilla 5.10.2022 - AIKA Ecosystem\" \/>\n<meta property=\"og:description\" content=\"Anas Al Natsheh (Johtava teknologialiiketoiminnan kehitysasiantuntija CEMIS, TKI yliopettaja KAKM), Marko J\u00e4ntti (Johtaja CEMIS) ja Mikko Kerttula (projektip\u00e4\u00e4llikk\u00f6, CSC) osallistuvat paneelikeskusteluun ELY-keskuksen j\u00e4rjest\u00e4m\u00e4ss\u00e4 Virtaa Naisyritt\u00e4jyyteen -tapahtumassa. Paneelin aiheena on datan ja digitalisaation vaikutukset ja mahdollisuudet PK-yrityksille. Paneeli pidet\u00e4\u00e4n Kajaanin ammattikorkeakoululla 5.10.2023 klo 8:30 alkaen. Tapahtuman tarkempi ohjelma l\u00f6ytyyELY-keskuksen sivuilta.\" \/>\n<meta property=\"og:url\" content=\"https:\/\/aikaecosystem.com\/fi\/aika-ekosysteemin-asiantuntijat-paneelissa-kamkilla-5-10-2022\/\" \/>\n<meta property=\"og:site_name\" content=\"AIKA Ecosystem\" \/>\n<meta property=\"article:published_time\" content=\"2022-09-08T13:13:58+00:00\" \/>\n<meta property=\"article:modified_time\" content=\"2023-01-26T13:42:08+00:00\" \/>\n<meta property=\"og:image\" content=\"https:\/\/aikaecosystem.com\/wp-content\/uploads\/2022\/09\/panelistit-2.png\" \/>\n\t<meta property=\"og:image:width\" content=\"2000\" \/>\n\t<meta property=\"og:image:height\" content=\"1600\" \/>\n\t<meta property=\"og:image:type\" content=\"image\/png\" \/>\n<meta name=\"author\" content=\"Mikko Kerttula\" \/>\n<meta name=\"twitter:card\" content=\"summary_large_image\" \/>\n<meta name=\"twitter:label1\" content=\"Kirjoittanut\" \/>\n\t<meta name=\"twitter:data1\" content=\"Mikko Kerttula\" \/>\n\t<meta name=\"twitter:label2\" content=\"Arvioitu lukuaika\" \/>\n\t<meta name=\"twitter:data2\" content=\"1 minuutti\" \/>\n<script type=\"application\/ld+json\" class=\"yoast-schema-graph\">{\"@context\":\"https:\\\/\\\/schema.org\",\"@graph\":[{\"@type\":\"Article\",\"@id\":\"https:\\\/\\\/aikaecosystem.com\\\/fi\\\/aika-ekosysteemin-asiantuntijat-paneelissa-kamkilla-5-10-2022\\\/#article\",\"isPartOf\":{\"@id\":\"https:\\\/\\\/aikaecosystem.com\\\/fi\\\/aika-ekosysteemin-asiantuntijat-paneelissa-kamkilla-5-10-2022\\\/\"},\"author\":{\"name\":\"Mikko Kerttula\",\"@id\":\"https:\\\/\\\/aikaecosystem.com\\\/#\\\/schema\\\/person\\\/2d0233927176c96400caf663e73a64b9\"},\"headline\":\"AIKA-ekosysteemin asiantuntijat paneelissa KAMKilla 5.10.2022\",\"datePublished\":\"2022-09-08T13:13:58+00:00\",\"dateModified\":\"2023-01-26T13:42:08+00:00\",\"mainEntityOfPage\":{\"@id\":\"https:\\\/\\\/aikaecosystem.com\\\/fi\\\/aika-ekosysteemin-asiantuntijat-paneelissa-kamkilla-5-10-2022\\\/\"},\"wordCount\":59,\"commentCount\":0,\"image\":{\"@id\":\"https:\\\/\\\/aikaecosystem.com\\\/fi\\\/aika-ekosysteemin-asiantuntijat-paneelissa-kamkilla-5-10-2022\\\/#primaryimage\"},\"thumbnailUrl\":\"https:\\\/\\\/aikaecosystem.com\\\/wp-content\\\/uploads\\\/2022\\\/09\\\/panelistit-2.png\",\"articleSection\":[\"Tapahtuma\"],\"inLanguage\":\"fi\",\"potentialAction\":[{\"@type\":\"CommentAction\",\"name\":\"Comment\",\"target\":[\"https:\\\/\\\/aikaecosystem.com\\\/fi\\\/aika-ekosysteemin-asiantuntijat-paneelissa-kamkilla-5-10-2022\\\/#respond\"]}]},{\"@type\":\"WebPage\",\"@id\":\"https:\\\/\\\/aikaecosystem.com\\\/fi\\\/aika-ekosysteemin-asiantuntijat-paneelissa-kamkilla-5-10-2022\\\/\",\"url\":\"https:\\\/\\\/aikaecosystem.com\\\/fi\\\/aika-ekosysteemin-asiantuntijat-paneelissa-kamkilla-5-10-2022\\\/\",\"name\":\"AIKA-ekosysteemin asiantuntijat paneelissa KAMKilla 5.10.2022 - AIKA Ecosystem\",\"isPartOf\":{\"@id\":\"https:\\\/\\\/aikaecosystem.com\\\/#website\"},\"primaryImageOfPage\":{\"@id\":\"https:\\\/\\\/aikaecosystem.com\\\/fi\\\/aika-ekosysteemin-asiantuntijat-paneelissa-kamkilla-5-10-2022\\\/#primaryimage\"},\"image\":{\"@id\":\"https:\\\/\\\/aikaecosystem.com\\\/fi\\\/aika-ekosysteemin-asiantuntijat-paneelissa-kamkilla-5-10-2022\\\/#primaryimage\"},\"thumbnailUrl\":\"https:\\\/\\\/aikaecosystem.com\\\/wp-content\\\/uploads\\\/2022\\\/09\\\/panelistit-2.png\",\"datePublished\":\"2022-09-08T13:13:58+00:00\",\"dateModified\":\"2023-01-26T13:42:08+00:00\",\"author\":{\"@id\":\"https:\\\/\\\/aikaecosystem.com\\\/#\\\/schema\\\/person\\\/2d0233927176c96400caf663e73a64b9\"},\"breadcrumb\":{\"@id\":\"https:\\\/\\\/aikaecosystem.com\\\/fi\\\/aika-ekosysteemin-asiantuntijat-paneelissa-kamkilla-5-10-2022\\\/#breadcrumb\"},\"inLanguage\":\"fi\",\"potentialAction\":[{\"@type\":\"ReadAction\",\"target\":[\"https:\\\/\\\/aikaecosystem.com\\\/fi\\\/aika-ekosysteemin-asiantuntijat-paneelissa-kamkilla-5-10-2022\\\/\"]}]},{\"@type\":\"ImageObject\",\"inLanguage\":\"fi\",\"@id\":\"https:\\\/\\\/aikaecosystem.com\\\/fi\\\/aika-ekosysteemin-asiantuntijat-paneelissa-kamkilla-5-10-2022\\\/#primaryimage\",\"url\":\"https:\\\/\\\/aikaecosystem.com\\\/wp-content\\\/uploads\\\/2022\\\/09\\\/panelistit-2.png\",\"contentUrl\":\"https:\\\/\\\/aikaecosystem.com\\\/wp-content\\\/uploads\\\/2022\\\/09\\\/panelistit-2.png\",\"width\":2000,\"height\":1600},{\"@type\":\"BreadcrumbList\",\"@id\":\"https:\\\/\\\/aikaecosystem.com\\\/fi\\\/aika-ekosysteemin-asiantuntijat-paneelissa-kamkilla-5-10-2022\\\/#breadcrumb\",\"itemListElement\":[{\"@type\":\"ListItem\",\"position\":1,\"name\":\"Events\",\"item\":\"https:\\\/\\\/aikaecosystem-com.hel10.wp-cloud.dev\\\/fi\\\/\"},{\"@type\":\"ListItem\",\"position\":2,\"name\":\"AIKA-ekosysteemin asiantuntijat paneelissa KAMKilla 5.10.2022\"}]},{\"@type\":\"WebSite\",\"@id\":\"https:\\\/\\\/aikaecosystem.com\\\/#website\",\"url\":\"https:\\\/\\\/aikaecosystem.com\\\/\",\"name\":\"AIKA Ecosystem\",\"description\":\"AI &amp; Data Intelligence Ecosystem\",\"potentialAction\":[{\"@type\":\"SearchAction\",\"target\":{\"@type\":\"EntryPoint\",\"urlTemplate\":\"https:\\\/\\\/aikaecosystem.com\\\/?s={search_term_string}\"},\"query-input\":{\"@type\":\"PropertyValueSpecification\",\"valueRequired\":true,\"valueName\":\"search_term_string\"}}],\"inLanguage\":\"fi\"},{\"@type\":\"Person\",\"@id\":\"https:\\\/\\\/aikaecosystem.com\\\/#\\\/schema\\\/person\\\/2d0233927176c96400caf663e73a64b9\",\"name\":\"Mikko Kerttula\",\"image\":{\"@type\":\"ImageObject\",\"inLanguage\":\"fi\",\"@id\":\"https:\\\/\\\/secure.gravatar.com\\\/avatar\\\/23fcbc7f1122f08fda1d5889a33d444fa1f186c6da13b0d71a9172d5d59e8d3e?s=96&d=mm&r=g\",\"url\":\"https:\\\/\\\/secure.gravatar.com\\\/avatar\\\/23fcbc7f1122f08fda1d5889a33d444fa1f186c6da13b0d71a9172d5d59e8d3e?s=96&d=mm&r=g\",\"contentUrl\":\"https:\\\/\\\/secure.gravatar.com\\\/avatar\\\/23fcbc7f1122f08fda1d5889a33d444fa1f186c6da13b0d71a9172d5d59e8d3e?s=96&d=mm&r=g\",\"caption\":\"Mikko Kerttula\"},\"url\":\"https:\\\/\\\/aikaecosystem.com\\\/fi\\\/author\\\/mikko-kerttula\\\/\"}]}<\/script>\n<!-- \/ Yoast SEO plugin. -->","yoast_head_json":{"title":"AIKA-ekosysteemin asiantuntijat paneelissa KAMKilla 5.10.2022 - AIKA Ecosystem","robots":{"index":"index","follow":"follow","max-snippet":"max-snippet:-1","max-image-preview":"max-image-preview:large","max-video-preview":"max-video-preview:-1"},"canonical":"https:\/\/aikaecosystem.com\/fi\/aika-ekosysteemin-asiantuntijat-paneelissa-kamkilla-5-10-2022\/","og_locale":"fi_FI","og_type":"article","og_title":"AIKA-ekosysteemin asiantuntijat paneelissa KAMKilla 5.10.2022 - AIKA Ecosystem","og_description":"Anas Al Natsheh (Johtava teknologialiiketoiminnan kehitysasiantuntija CEMIS, TKI yliopettaja KAKM), Marko J\u00e4ntti (Johtaja CEMIS) ja Mikko Kerttula (projektip\u00e4\u00e4llikk\u00f6, CSC) osallistuvat paneelikeskusteluun ELY-keskuksen j\u00e4rjest\u00e4m\u00e4ss\u00e4 Virtaa Naisyritt\u00e4jyyteen -tapahtumassa. Paneelin aiheena on datan ja digitalisaation vaikutukset ja mahdollisuudet PK-yrityksille. Paneeli pidet\u00e4\u00e4n Kajaanin ammattikorkeakoululla 5.10.2023 klo 8:30 alkaen. Tapahtuman tarkempi ohjelma l\u00f6ytyyELY-keskuksen sivuilta.","og_url":"https:\/\/aikaecosystem.com\/fi\/aika-ekosysteemin-asiantuntijat-paneelissa-kamkilla-5-10-2022\/","og_site_name":"AIKA Ecosystem","article_published_time":"2022-09-08T13:13:58+00:00","article_modified_time":"2023-01-26T13:42:08+00:00","og_image":[{"width":2000,"height":1600,"url":"https:\/\/aikaecosystem.com\/wp-content\/uploads\/2022\/09\/panelistit-2.png","type":"image\/png"}],"author":"Mikko Kerttula","twitter_card":"summary_large_image","twitter_misc":{"Kirjoittanut":"Mikko Kerttula","Arvioitu lukuaika":"1 minuutti"},"schema":{"@context":"https:\/\/schema.org","@graph":[{"@type":"Article","@id":"https:\/\/aikaecosystem.com\/fi\/aika-ekosysteemin-asiantuntijat-paneelissa-kamkilla-5-10-2022\/#article","isPartOf":{"@id":"https:\/\/aikaecosystem.com\/fi\/aika-ekosysteemin-asiantuntijat-paneelissa-kamkilla-5-10-2022\/"},"author":{"name":"Mikko Kerttula","@id":"https:\/\/aikaecosystem.com\/#\/schema\/person\/2d0233927176c96400caf663e73a64b9"},"headline":"AIKA-ekosysteemin asiantuntijat paneelissa KAMKilla 5.10.2022","datePublished":"2022-09-08T13:13:58+00:00","dateModified":"2023-01-26T13:42:08+00:00","mainEntityOfPage":{"@id":"https:\/\/aikaecosystem.com\/fi\/aika-ekosysteemin-asiantuntijat-paneelissa-kamkilla-5-10-2022\/"},"wordCount":59,"commentCount":0,"image":{"@id":"https:\/\/aikaecosystem.com\/fi\/aika-ekosysteemin-asiantuntijat-paneelissa-kamkilla-5-10-2022\/#primaryimage"},"thumbnailUrl":"https:\/\/aikaecosystem.com\/wp-content\/uploads\/2022\/09\/panelistit-2.png","articleSection":["Tapahtuma"],"inLanguage":"fi","potentialAction":[{"@type":"CommentAction","name":"Comment","target":["https:\/\/aikaecosystem.com\/fi\/aika-ekosysteemin-asiantuntijat-paneelissa-kamkilla-5-10-2022\/#respond"]}]},{"@type":"WebPage","@id":"https:\/\/aikaecosystem.com\/fi\/aika-ekosysteemin-asiantuntijat-paneelissa-kamkilla-5-10-2022\/","url":"https:\/\/aikaecosystem.com\/fi\/aika-ekosysteemin-asiantuntijat-paneelissa-kamkilla-5-10-2022\/","name":"AIKA-ekosysteemin asiantuntijat paneelissa KAMKilla 5.10.2022 - AIKA Ecosystem","isPartOf":{"@id":"https:\/\/aikaecosystem.com\/#website"},"primaryImageOfPage":{"@id":"https:\/\/aikaecosystem.com\/fi\/aika-ekosysteemin-asiantuntijat-paneelissa-kamkilla-5-10-2022\/#primaryimage"},"image":{"@id":"https:\/\/aikaecosystem.com\/fi\/aika-ekosysteemin-asiantuntijat-paneelissa-kamkilla-5-10-2022\/#primaryimage"},"thumbnailUrl":"https:\/\/aikaecosystem.com\/wp-content\/uploads\/2022\/09\/panelistit-2.png","datePublished":"2022-09-08T13:13:58+00:00","dateModified":"2023-01-26T13:42:08+00:00","author":{"@id":"https:\/\/aikaecosystem.com\/#\/schema\/person\/2d0233927176c96400caf663e73a64b9"},"breadcrumb":{"@id":"https:\/\/aikaecosystem.com\/fi\/aika-ekosysteemin-asiantuntijat-paneelissa-kamkilla-5-10-2022\/#breadcrumb"},"inLanguage":"fi","potentialAction":[{"@type":"ReadAction","target":["https:\/\/aikaecosystem.com\/fi\/aika-ekosysteemin-asiantuntijat-paneelissa-kamkilla-5-10-2022\/"]}]},{"@type":"ImageObject","inLanguage":"fi","@id":"https:\/\/aikaecosystem.com\/fi\/aika-ekosysteemin-asiantuntijat-paneelissa-kamkilla-5-10-2022\/#primaryimage","url":"https:\/\/aikaecosystem.com\/wp-content\/uploads\/2022\/09\/panelistit-2.png","contentUrl":"https:\/\/aikaecosystem.com\/wp-content\/uploads\/2022\/09\/panelistit-2.png","width":2000,"height":1600},{"@type":"BreadcrumbList","@id":"https:\/\/aikaecosystem.com\/fi\/aika-ekosysteemin-asiantuntijat-paneelissa-kamkilla-5-10-2022\/#breadcrumb","itemListElement":[{"@type":"ListItem","position":1,"name":"Events","item":"https:\/\/aikaecosystem-com.hel10.wp-cloud.dev\/fi\/"},{"@type":"ListItem","position":2,"name":"AIKA-ekosysteemin asiantuntijat paneelissa KAMKilla 5.10.2022"}]},{"@type":"WebSite","@id":"https:\/\/aikaecosystem.com\/#website","url":"https:\/\/aikaecosystem.com\/","name":"AIKA Ecosystem","description":"AI &amp; Data Intelligence Ecosystem","potentialAction":[{"@type":"SearchAction","target":{"@type":"EntryPoint","urlTemplate":"https:\/\/aikaecosystem.com\/?s={search_term_string}"},"query-input":{"@type":"PropertyValueSpecification","valueRequired":true,"valueName":"search_term_string"}}],"inLanguage":"fi"},{"@type":"Person","@id":"https:\/\/aikaecosystem.com\/#\/schema\/person\/2d0233927176c96400caf663e73a64b9","name":"Mikko Kerttula","image":{"@type":"ImageObject","inLanguage":"fi","@id":"https:\/\/secure.gravatar.com\/avatar\/23fcbc7f1122f08fda1d5889a33d444fa1f186c6da13b0d71a9172d5d59e8d3e?s=96&d=mm&r=g","url":"https:\/\/secure.gravatar.com\/avatar\/23fcbc7f1122f08fda1d5889a33d444fa1f186c6da13b0d71a9172d5d59e8d3e?s=96&d=mm&r=g","contentUrl":"https:\/\/secure.gravatar.com\/avatar\/23fcbc7f1122f08fda1d5889a33d444fa1f186c6da13b0d71a9172d5d59e8d3e?s=96&d=mm&r=g","caption":"Mikko Kerttula"},"url":"https:\/\/aikaecosystem.com\/fi\/author\/mikko-kerttula\/"}]}},"_links":{"self":[{"href":"https:\/\/aikaecosystem.com\/fi\/wp-json\/wp\/v2\/posts\/2329","targetHints":{"allow":["GET"]}}],"collection":[{"href":"https:\/\/aikaecosystem.com\/fi\/wp-json\/wp\/v2\/posts"}],"about":[{"href":"https:\/\/aikaecosystem.com\/fi\/wp-json\/wp\/v2\/types\/post"}],"author":[{"embeddable":true,"href":"https:\/\/aikaecosystem.com\/fi\/wp-json\/wp\/v2\/users\/15"}],"replies":[{"embeddable":true,"href":"https:\/\/aikaecosystem.com\/fi\/wp-json\/wp\/v2\/comments?post=2329"}],"version-history":[{"count":3,"href":"https:\/\/aikaecosystem.com\/fi\/wp-json\/wp\/v2\/posts\/2329\/revisions"}],"predecessor-version":[{"id":2334,"href":"https:\/\/aikaecosystem.com\/fi\/wp-json\/wp\/v2\/posts\/2329\/revisions\/2334"}],"wp:featuredmedia":[{"embeddable":true,"href":"https:\/\/aikaecosystem.com\/fi\/wp-json\/wp\/v2\/media\/1814"}],"wp:attachment":[{"href":"https:\/\/aikaecosystem.com\/fi\/wp-json\/wp\/v2\/media?parent=2329"}],"wp:term":[{"taxonomy":"category","embeddable":true,"href":"https:\/\/aikaecosystem.com\/fi\/wp-json\/wp\/v2\/categories?post=2329"},{"taxonomy":"post_tag","embeddable":true,"href":"https:\/\/aikaecosystem.com\/fi\/wp-json\/wp\/v2\/tags?post=2329"}],"curies":[{"name":"wp","href":"https:\/\/api.w.org\/{rel}","templated":true}]}}